{"id":3807,"date":"2024-10-09T06:41:18","date_gmt":"2024-10-09T04:41:18","guid":{"rendered":"https:\/\/agri-meteo.fr\/blog\/?p=3807"},"modified":"2024-10-09T09:50:49","modified_gmt":"2024-10-09T07:50:49","slug":"pourquoi-avons-nous-un-temps-de-plus-en-plus-humide-en-france-en-ce-moment","status":"publish","type":"post","link":"https:\/\/agri-meteo.fr\/blog\/pourquoi-avons-nous-un-temps-de-plus-en-plus-humide-en-france-en-ce-moment\/","title":{"rendered":"Pourquoi avons-nous un temps de plus en plus humide en France en ce moment ?"},"content":{"rendered":"<div style=\"border: 1px solid; margin: 15px 0; padding: 5px;\">\n<p><b>En r\u00e9sum\u00e9<\/b><\/p>\n<ul>\n<li>\ud83c\udf27\ufe0f <strong>Impacts climatiques<\/strong>: Une atmosph\u00e8re plus <strong>humide<\/strong> a amplifi\u00e9 les r\u00e9centes <strong>inondations en Europe centrale<\/strong>, avec de graves cons\u00e9quences sur les populations locales.<\/li>\n<li>\ud83d\udca7 <strong>Causes scientifiques<\/strong>: Des m\u00e9canismes climatiques poussent une plus grande quantit\u00e9 de vapeur d&#8217;eau dans l&#8217;air, expliquant l&#8217;<strong>atmosph\u00e8re satur\u00e9e<\/strong> qui conduit aux inondations.<\/li>\n<li>\ud83c\udf00 <strong>Lien avec le changement climatique<\/strong>: L&#8217;augmentation de ces ph\u00e9nom\u00e8nes extr\u00eames est directement li\u00e9e aux changements climatiques, confirm\u00e9s par des <strong>climatologues<\/strong> et des \u00e9tudes approfondies.<\/li>\n<li>\u26a0\ufe0f <strong>Actions futures<\/strong>: Anticipation d&#8217;une hausse des inondations et appel \u00e0 des <strong>mesures d&#8217;adaptation<\/strong> pour faire face aux d\u00e9fis climatiques \u00e0 venir.<\/li>\n<\/ul>\n<\/div>\n<p>Les r\u00e9cents \u00e9v\u00e9nements climatiques ont mis en \u00e9vidence une tendance alarmante \u00e0 travers l&#8217;Europe centrale : une s\u00e9rie d&#8217;<strong>inondations<\/strong> d\u00e9vastatrices exacerb\u00e9es par une atmosph\u00e8re de plus en plus <strong>humide<\/strong>. Un ph\u00e9nom\u00e8ne que les experts, dont un \u00e9minent <strong>climatologue<\/strong>, attribuent \u00e0 un changement significatif dans le comportement m\u00e9t\u00e9orologique de notre plan\u00e8te, annon\u00e7ant potentiellement une nouvelle \u00e8re de d\u00e9fis climatiques \u00e0 surmonter. L&#8217;augmentation de la fr\u00e9quence et de la s\u00e9v\u00e9rit\u00e9 de ces d\u00e9sastres naturels semble \u00e9troitement li\u00e9e aux r\u00e9percussions du <strong>changement climatique<\/strong> mondial, une relation complexe qui m\u00e9rite d&#8217;\u00eatre explor\u00e9e pour mieux anticiper et att\u00e9nuer ses cons\u00e9quences.<\/p>\n<h2>Le contexte alarmant des inondations en Europe centrale<\/h2>\n<p>Les images des inondations ayant r\u00e9cemment ravag\u00e9 l&#8217;Europe centrale sont encore grav\u00e9es dans nos m\u00e9moires. Ces \u00e9v\u00e9nements dramatiques ne sont pas seulement des anecdotes m\u00e9t\u00e9orologiques; ils t\u00e9moignent d&#8217;une r\u00e9alit\u00e9 plus sombre. En effet, l&#8217;ampleur des dommages et les pertes humaines qu&#8217;ils ont engendr\u00e9s r\u00e9v\u00e8lent combien ces r\u00e9gions peuvent \u00eatre vuln\u00e9rables face \u00e0 des conditions climatiques extr\u00eames.<\/p>\n<h2>Comprendre l&#8217;humidit\u00e9 croissante de l&#8217;atmosph\u00e8re<\/h2>\n<p>Comment expliquer cette humidit\u00e9 atmosph\u00e9rique accrue ? Les scientifiques pointent vers des m\u00e9canismes sp\u00e9cifiques qui permettent \u00e0 l&#8217;air de retenir plus de vapeur d&#8217;eau. Cette capacit\u00e9 accrue de l&#8217;air \u00e0 contenir de l&#8217;humidit\u00e9 est une pi\u00e8ce essentielle dans le puzzle complexe des causes des inondations plus fr\u00e9quentes et plus intenses en Europe centrale.<\/p>\n<h2>Des cons\u00e9quences tangibles sur les pr\u00e9cipitations et les inondations<\/h2>\n<p>Lorsque l&#8217;atmosph\u00e8re est plus humide, les cons\u00e9quences sont imm\u00e9diates : les pr\u00e9cipitations gagnent en intensit\u00e9 et en fr\u00e9quence, aggravant le risque d&#8217;inondations. Ce ph\u00e9nom\u00e8ne a \u00e9t\u00e9 particuli\u00e8rement ressenti lors des r\u00e9cents d\u00e9luges ayant submerg\u00e9 nombre de communaut\u00e9s, mettant \u00e0 rude \u00e9preuve les infrastructures et les syst\u00e8mes de gestion des eaux.<\/p>\n<h2>Changement climatique : le grand catalyseur<\/h2>\n<p>Le r\u00e9chauffement climatique n&#8217;est pas un acteur secondaire dans cette affaire; il est au c\u0153ur de l&#8217;augmentation des ph\u00e9nom\u00e8nes m\u00e9t\u00e9orologiques extr\u00eames. Les recherches indiquent un lien ind\u00e9niable entre l&#8217;activit\u00e9 humaine, le changement climatique et la multiplication des \u00e9v\u00e9nements comme les inondations, confirmant ainsi les observations et les avertissements de nombreux climatologues.<\/p>\n<h2>Se projeter vers un avenir pr\u00e9par\u00e9<\/h2>\n<p>Quel avenir pour l&#8217;Europe centrale dans ce contexte ? Les projections sont claires : nous devons nous attendre \u00e0 une hausse des inondations. Face \u00e0 cette \u00e9ventualit\u00e9, les appels \u00e0 la mise en place de mesures d&#8217;adaptation et d&#8217;att\u00e9nuation se font de plus en plus pressants, signifiant que des actions concr\u00e8tes doivent \u00eatre envisag\u00e9es d\u00e8s maintenant pour pr\u00e9server nos soci\u00e9t\u00e9s contre les caprices d&#8217;un climat en mutation.<\/p>\n","protected":false},"excerpt":{"rendered":"<p>En r\u00e9sum\u00e9 \ud83c\udf27\ufe0f Impacts climatiques: Une atmosph\u00e8re plus humide a amplifi\u00e9 les r\u00e9centes inondations en Europe centrale, avec de graves cons\u00e9quences sur les populations locales. \ud83d\udca7 Causes scientifiques: Des m\u00e9canismes climatiques poussent une plus grande quantit\u00e9 de vapeur d&#8217;eau dans l&#8217;air, expliquant l&#8217;atmosph\u00e8re satur\u00e9e qui conduit aux inondations. \ud83c\udf00 Lien avec le changement climatique: L&#8217;augmentation [&hellip;]<\/p>\n","protected":false},"author":5,"featured_media":3808,"comment_status":"closed","ping_status":"closed","sticky":false,"template":"","format":"standard","meta":{"_seopress_robots_primary_cat":"none","_seopress_titles_title":"","_seopress_titles_desc":"","_seopress_robots_index":"","rank_math_lock_modified_date":false,"footnotes":""},"categories":[72],"tags":[],"class_list":{"0":"post-3807","1":"post","2":"type-post","3":"status-publish","4":"format-standard","5":"has-post-thumbnail","7":"category-meteo"},"_links":{"self":[{"href":"https:\/\/agri-meteo.fr\/blog\/wp-json\/wp\/v2\/posts\/3807","targetHints":{"allow":["GET"]}}],"collection":[{"href":"https:\/\/agri-meteo.fr\/blog\/wp-json\/wp\/v2\/posts"}],"about":[{"href":"https:\/\/agri-meteo.fr\/blog\/wp-json\/wp\/v2\/types\/post"}],"author":[{"embeddable":true,"href":"https:\/\/agri-meteo.fr\/blog\/wp-json\/wp\/v2\/users\/5"}],"replies":[{"embeddable":true,"href":"https:\/\/agri-meteo.fr\/blog\/wp-json\/wp\/v2\/comments?post=3807"}],"version-history":[{"count":2,"href":"https:\/\/agri-meteo.fr\/blog\/wp-json\/wp\/v2\/posts\/3807\/revisions"}],"predecessor-version":[{"id":3816,"href":"https:\/\/agri-meteo.fr\/blog\/wp-json\/wp\/v2\/posts\/3807\/revisions\/3816"}],"wp:featuredmedia":[{"embeddable":true,"href":"https:\/\/agri-meteo.fr\/blog\/wp-json\/wp\/v2\/media\/3808"}],"wp:attachment":[{"href":"https:\/\/agri-meteo.fr\/blog\/wp-json\/wp\/v2\/media?parent=3807"}],"wp:term":[{"taxonomy":"category","embeddable":true,"href":"https:\/\/agri-meteo.fr\/blog\/wp-json\/wp\/v2\/categories?post=3807"},{"taxonomy":"post_tag","embeddable":true,"href":"https:\/\/agri-meteo.fr\/blog\/wp-json\/wp\/v2\/tags?post=3807"}],"curies":[{"name":"wp","href":"https:\/\/api.w.org\/{rel}","templated":true}]}}