{"id":3786,"date":"2024-10-04T06:55:13","date_gmt":"2024-10-04T04:55:13","guid":{"rendered":"https:\/\/agri-meteo.fr\/blog\/meteo-sortez-vos-parapluies-voici-ce-qui-vous-attend-pour-le-mois-doctobre-2\/"},"modified":"2024-10-04T13:23:29","modified_gmt":"2024-10-04T11:23:29","slug":"meteo-sortez-vos-parapluies-voici-ce-qui-vous-attend-pour-le-mois-doctobre-2","status":"publish","type":"post","link":"https:\/\/agri-meteo.fr\/blog\/meteo-sortez-vos-parapluies-voici-ce-qui-vous-attend-pour-le-mois-doctobre-2\/","title":{"rendered":"M\u00e9t\u00e9o : Sortez vos parapluies ! Voici ce qui vous attend pour le mois d&#8217;Octobre"},"content":{"rendered":"<div style=\"border:1px solid #000; padding:5px; margin:15px;\">\n<p><b>En r\u00e9sum\u00e9<\/b><\/p>\n<ul>\n<li>\ud83c\udf27\ufe0f <strong>Temps instable avec pluies abondantes<\/strong> et <strong>orages violents<\/strong> pr\u00e9vus pour le mois d&#8217;octobre.<\/li>\n<li>\ud83d\udca7 La premi\u00e8re semaine d&#8217;octobre verra toutes les r\u00e9gions touch\u00e9es par les pr\u00e9cipitations, avec des <strong>temp\u00e9ratures proches des normales<\/strong>.<\/li>\n<li>\ud83c\udf26\ufe0f La deuxi\u00e8me semaine pourrait offrir des <strong>\u00e9claircies dans l&#8217;extr\u00eame sud<\/strong>, mais le risque de <strong>crues<\/strong> augmente.<\/li>\n<li>\u26c8\ufe0f Fin du mois marqu\u00e9e par une <strong>instabilit\u00e9 persistante<\/strong> ; quelques \u00e9claircies dans le bassin m\u00e9diterran\u00e9en et le sud-ouest.<\/li>\n<\/ul>\n<\/div>\n<p>Alors que le mois d&#8217;octobre s&#8217;annonce, les habitants des Pays-Bas devraient se pr\u00e9parer \u00e0 un temps capricieux et changeant. Les pr\u00e9visions m\u00e9t\u00e9orologiques anticipent un <strong>mois d&#8217;octobre instable<\/strong>, ponctu\u00e9 de <strong>pluies abondantes et d&#8217;orages violents<\/strong> sur l&#8217;ensemble du territoire pour les quatre semaines \u00e0 venir. Avec des conditions m\u00e9t\u00e9o aussi impr\u00e9visibles, il est temps de sortir les parapluies et de surveiller de pr\u00e8s les bulletins pour rester au sec.<\/p>\n<h2>Pr\u00e9parez-vous pour une premi\u00e8re semaine humide<\/h2>\n<p>Les habitants des Pays-Bas devront affronter des conditions climatiques difficiles d\u00e8s la premi\u00e8re semaine d&#8217;octobre. <strong>Des pluies abondantes<\/strong> s&#8217;abattront sur l&#8217;ensemble du pays, sans \u00e9pargner la moindre r\u00e9gion. Le sud-est et la Corse se verront m\u00eame confront\u00e9s \u00e0 des <strong>orages particuli\u00e8rement violents<\/strong>. Toutefois, malgr\u00e9 cet exc\u00e8s d&#8217;eau, les temp\u00e9ratures devraient rester agr\u00e9ables, se maintenant <strong>proches des normales de saison<\/strong>.<\/p>\n<h2>Une accalmie relative en deuxi\u00e8me semaine<\/h2>\n<p>Avec la persistance du mauvais temps durant la deuxi\u00e8me semaine, certains pourront b\u00e9n\u00e9ficier de quelques <strong>\u00e9claircies au sud<\/strong>. Cependant, il est crucial de rester vigilant, car les <strong>cumuls de pluie<\/strong> risquent d&#8217;augmenter significativement, ce qui pourrait se traduire par un danger accru de <strong>crues<\/strong>. Les temp\u00e9ratures, quant \u00e0 elles, continueront leur parcours stable, conforme aux attentes saisonni\u00e8res.<\/p>\n<h2>Des perturbations en s\u00e9rie en troisi\u00e8me semaine<\/h2>\n<p>La semaine allant du 21 au 27 octobre ne s&#8217;annonce gu\u00e8re plus cl\u00e9mente, avec des <strong>perturbations r\u00e9guli\u00e8res<\/strong> qui traverseront le pays. Quelques <strong>moments d&#8217;accalmie<\/strong> sont pr\u00e9visibles, mais ils seront de courte dur\u00e9e, invitant \u00e0 une vigilance constante. Dans cette instabilit\u00e9, les temp\u00e9ratures resteront n\u00e9anmoins fid\u00e8les aux normales caract\u00e9ristiques d&#8217;octobre.<\/p>\n<h2>Octobre s&#8217;ach\u00e8ve sous des signes instables<\/h2>\n<p>Pour clore ce mois turbulent, l&#8217;instabilit\u00e9 m\u00e9t\u00e9orologique restera de mise avec de fr\u00e9quentes <strong>chutes de pluie et des orages intenses<\/strong>. Heureusement, des \u00e9claircies sont attendues dans les r\u00e9gions du bassin m\u00e9diterran\u00e9en et du sud-ouest. Ces pr\u00e9visions toutefois, si elles sont bas\u00e9es sur des donn\u00e9es actuelles, sont sujettes \u00e0 modifications : les impr\u00e9vus climatiques demeurent une possibilit\u00e9 \u00e0 ne pas n\u00e9gliger.<\/p>\n","protected":false},"excerpt":{"rendered":"<p>En r\u00e9sum\u00e9 \ud83c\udf27\ufe0f Temps instable avec pluies abondantes et orages violents pr\u00e9vus pour le mois d&#8217;octobre. \ud83d\udca7 La premi\u00e8re semaine d&#8217;octobre verra toutes les r\u00e9gions touch\u00e9es par les pr\u00e9cipitations, avec des temp\u00e9ratures proches des normales. \ud83c\udf26\ufe0f La deuxi\u00e8me semaine pourrait offrir des \u00e9claircies dans l&#8217;extr\u00eame sud, mais le risque de crues augmente. \u26c8\ufe0f Fin du [&hellip;]<\/p>\n","protected":false},"author":5,"featured_media":3787,"comment_status":"closed","ping_status":"closed","sticky":false,"template":"","format":"standard","meta":{"_seopress_robots_primary_cat":"","_seopress_titles_title":"","_seopress_titles_desc":"","_seopress_robots_index":"","rank_math_lock_modified_date":false,"footnotes":""},"categories":[72],"tags":[],"class_list":{"0":"post-3786","1":"post","2":"type-post","3":"status-publish","4":"format-standard","5":"has-post-thumbnail","7":"category-meteo"},"_links":{"self":[{"href":"https:\/\/agri-meteo.fr\/blog\/wp-json\/wp\/v2\/posts\/3786","targetHints":{"allow":["GET"]}}],"collection":[{"href":"https:\/\/agri-meteo.fr\/blog\/wp-json\/wp\/v2\/posts"}],"about":[{"href":"https:\/\/agri-meteo.fr\/blog\/wp-json\/wp\/v2\/types\/post"}],"author":[{"embeddable":true,"href":"https:\/\/agri-meteo.fr\/blog\/wp-json\/wp\/v2\/users\/5"}],"replies":[{"embeddable":true,"href":"https:\/\/agri-meteo.fr\/blog\/wp-json\/wp\/v2\/comments?post=3786"}],"version-history":[{"count":1,"href":"https:\/\/agri-meteo.fr\/blog\/wp-json\/wp\/v2\/posts\/3786\/revisions"}],"predecessor-version":[{"id":3788,"href":"https:\/\/agri-meteo.fr\/blog\/wp-json\/wp\/v2\/posts\/3786\/revisions\/3788"}],"wp:featuredmedia":[{"embeddable":true,"href":"https:\/\/agri-meteo.fr\/blog\/wp-json\/wp\/v2\/media\/3787"}],"wp:attachment":[{"href":"https:\/\/agri-meteo.fr\/blog\/wp-json\/wp\/v2\/media?parent=3786"}],"wp:term":[{"taxonomy":"category","embeddable":true,"href":"https:\/\/agri-meteo.fr\/blog\/wp-json\/wp\/v2\/categories?post=3786"},{"taxonomy":"post_tag","embeddable":true,"href":"https:\/\/agri-meteo.fr\/blog\/wp-json\/wp\/v2\/tags?post=3786"}],"curies":[{"name":"wp","href":"https:\/\/api.w.org\/{rel}","templated":true}]}}