{"id":3762,"date":"2023-12-22T15:15:54","date_gmt":"2023-12-22T14:15:54","guid":{"rendered":"https:\/\/agri-meteo.fr\/blog\/?p=3762"},"modified":"2023-12-19T15:18:03","modified_gmt":"2023-12-19T14:18:03","slug":"comment-avoir-un-noel-plus-eco-responsable-cette-annee","status":"publish","type":"post","link":"https:\/\/agri-meteo.fr\/blog\/comment-avoir-un-noel-plus-eco-responsable-cette-annee\/","title":{"rendered":"Comment avoir un no\u00ebl plus \u00e9co-responsable cette ann\u00e9e ?"},"content":{"rendered":"\n<p>Les f\u00eates de fin d&#8217;ann\u00e9e sont traditionnellement associ\u00e9es \u00e0 la joie, aux retrouvailles familiales et \u00e0 l&#8217;abondance. Cependant, cette p\u00e9riode est \u00e9galement marqu\u00e9e par une forte augmentation de la consommation et, par cons\u00e9quent, une empreinte carbone plus \u00e9lev\u00e9e. Avec la prise de conscience croissante des enjeux environnementaux, de plus en plus de personnes cherchent \u00e0 c\u00e9l\u00e9brer de mani\u00e8re plus durable et \u00e9co-responsable.<\/p>\n\n\n\n<h2 class=\"wp-block-heading\">Pourquoi les f\u00eates de fin d&#8217;ann\u00e9e sont-elles un d\u00e9fi pour le bilan carbone ?<\/h2>\n\n\n\n<p>D\u00e8s d\u00e9but d\u00e9cembre, de nombreux foyers sortent les d\u00e9corations lumineuses des placards. C\u2019est aussi une p\u00e9riode o\u00f9 le chauffage fonctionne beaucoup et o\u00f9 la pr\u00e9paration de plats et de g\u00e2teaux est \u00e0 son comble. Tout cela contribue \u00e0 une hausse significative de la consommation d&#8217;\u00e9nergie.<\/p>\n\n\n\n<p>Dans une autre mesure, les repas festifs entra\u00eenent souvent une surconsommation de nourriture, et malheureusement, un gaspillage important de produits, parfois import\u00e9s de loin.<\/p>\n\n\n\n<p>Enfin, la p\u00e9riode des f\u00eates est synonyme de cadeaux. L&#8217;achat de produits neufs, souvent sur-emball\u00e9s, et l&#8217;augmentation des livraisons en ligne contribuent \u00e9galement \u00e0 l&#8217;augmentation du bilan carbone.<\/p>\n\n\n\n<h2 class=\"wp-block-heading\">Comment r\u00e9duire son empreinte carbone pendant les f\u00eates ?<\/h2>\n\n\n\n<p>Voici quelques id\u00e9es que vous pouvez appliquer pour r\u00e9duire votre empreinte carbone pour les f\u00eates de fin d\u2019ann\u00e9e.<\/p>\n\n\n\n<ol class=\"wp-block-list\">\n<li>D\u00e9corations durables : Optez pour de la d\u00e9coration et de la vaisselle r\u00e9utilisable. Privil\u00e9giez les lumi\u00e8res LED et les d\u00e9corations faites maison ou en mat\u00e9riaux naturels.<\/li>\n\n\n\n<li>Cuisine responsable : Privil\u00e9giez les produits locaux et de saison pour vos repas. Pensez \u00e0 planifier les quantit\u00e9s pour \u00e9viter le gaspillage alimentaire.<\/li>\n\n\n\n<li>Cadeaux \u00e9co-responsables : Favorisez l&#8217;achat de cadeaux durables, locaux, faits main ou reconditionn\u00e9s. Pensez aussi \u00e0 offrir des cadeaux immat\u00e9riels, comme des concerts, ateliers, abonnements.<\/li>\n\n\n\n<li>Emballages r\u00e9utilisables : Utilisez des emballages r\u00e9utilisables ou fabriqu\u00e9s \u00e0 partir de mat\u00e9riaux recycl\u00e9s. Le furoshiki, technique japonaise d&#8217;emballage en tissu, est une m\u00e9thode \u00e9l\u00e9gante et \u00e9cologique.<\/li>\n\n\n\n<li>R\u00e9duire les voyages : Si possible, privil\u00e9giez les c\u00e9l\u00e9brations locales pour minimiser les d\u00e9placements longue distance. Lorsque les voyages sont in\u00e9vitables, consid\u00e9rez des moyens de transport plus \u00e9cologiques.<\/li>\n<\/ol>\n\n\n\n<h2 class=\"wp-block-heading\">Les b\u00e9n\u00e9fices d&#8217;un No\u00ebl \u00e9co-responsable<\/h2>\n\n\n\n<p>Envisager de f\u00eater no\u00ebl dans une d\u00e9marche \u00e9coresponsable apporte de nombreux avantages.<\/p>\n\n\n\n<p>Pour commencer, il faut penser \u00e0 l\u2019environnement. Sachez que chaque action compte. En optant pour des choix plus durables, vous contribuez \u00e0 la r\u00e9duction de l&#8217;empreinte carbone globale. Consommer moins de produits polluants et \u00e9viter le gaspillage alimentaire permet de r\u00e9duire la pollution et contribue \u00e0 la pr\u00e9servation des \u00e9cosyst\u00e8mes.<\/p>\n\n\n\n<p>Dans une autre mesure, cela peut vous amener \u00e0 r\u00e9aliser des \u00e9conomies, dans le sens o\u00f9 vous choisissez des alternatives durables. C\u2019est donc avantageux \u00e0 long terme. C\u2019est aussi int\u00e9ressant pour votre qualit\u00e9 de vie. En optant pour des produits moins industriels et plus naturels, comme des aliments bio ou des d\u00e9corations faites maison, on contribue non seulement \u00e0 la sant\u00e9 de l&#8217;environnement, mais aussi \u00e0 sa sant\u00e9.<\/p>\n\n\n\n<p>Enfin, acheter des produits locaux, pour les cadeaux de No\u00ebl et les repas, contribue \u00e0 soutenir les artisans proches de chez vous. Cela aide \u00e0 cr\u00e9er et maintenir des emplois dans la communaut\u00e9, tout en r\u00e9duisant les \u00e9missions li\u00e9es au transport longue distance. De votre c\u00f4t\u00e9, si vous cr\u00e9ez vous-m\u00eame des cadeaux, des emballages ou des d\u00e9corations, tout cela peut stimuler votre cr\u00e9ativit\u00e9. Alors, osez sortir des sentiers battus.<\/p>\n\n\n\n<p>Profitez-en pour sensibiliser votre entourage. Chaque action individuelle, pour r\u00e9duire l&#8217;empreinte carbone durant les f\u00eates, s&#8217;inscrit dans un combat plus large contre le changement climatique. Les gestes \u00e9co-responsables, bien que petits en apparence, s&#8217;accumulent pour former un impact collectif significatif. Ayez \u00e9galement conscience que ces pratiques \u00e9co-responsables durant les f\u00eates peuvent inculquer des valeurs de respect de l&#8217;environnement aux enfants. Cela aide \u00e0 \u00e9lever une g\u00e9n\u00e9ration plus consciente des enjeux environnementaux et plus apte \u00e0 faire face aux d\u00e9fis \u00e9cologiques futurs.<\/p>\n","protected":false},"excerpt":{"rendered":"<p>Les f\u00eates de fin d&#8217;ann\u00e9e sont traditionnellement associ\u00e9es \u00e0 la joie, aux retrouvailles familiales et \u00e0 l&#8217;abondance. Cependant, cette p\u00e9riode est \u00e9galement marqu\u00e9e par une forte augmentation de la consommation et, par cons\u00e9quent, une empreinte carbone plus \u00e9lev\u00e9e. Avec la prise de conscience croissante des enjeux environnementaux, de plus en plus de personnes cherchent \u00e0 [&hellip;]<\/p>\n","protected":false},"author":2,"featured_media":3765,"comment_status":"open","ping_status":"open","sticky":false,"template":"","format":"standard","meta":{"_seopress_robots_primary_cat":"none","_seopress_titles_title":"","_seopress_titles_desc":"","_seopress_robots_index":"","rank_math_lock_modified_date":false,"footnotes":""},"categories":[3],"tags":[61,69],"class_list":{"0":"post-3762","1":"post","2":"type-post","3":"status-publish","4":"format-standard","5":"has-post-thumbnail","7":"category-insolite","8":"tag-hiver","9":"tag-noel"},"_links":{"self":[{"href":"https:\/\/agri-meteo.fr\/blog\/wp-json\/wp\/v2\/posts\/3762","targetHints":{"allow":["GET"]}}],"collection":[{"href":"https:\/\/agri-meteo.fr\/blog\/wp-json\/wp\/v2\/posts"}],"about":[{"href":"https:\/\/agri-meteo.fr\/blog\/wp-json\/wp\/v2\/types\/post"}],"author":[{"embeddable":true,"href":"https:\/\/agri-meteo.fr\/blog\/wp-json\/wp\/v2\/users\/2"}],"replies":[{"embeddable":true,"href":"https:\/\/agri-meteo.fr\/blog\/wp-json\/wp\/v2\/comments?post=3762"}],"version-history":[{"count":1,"href":"https:\/\/agri-meteo.fr\/blog\/wp-json\/wp\/v2\/posts\/3762\/revisions"}],"predecessor-version":[{"id":3766,"href":"https:\/\/agri-meteo.fr\/blog\/wp-json\/wp\/v2\/posts\/3762\/revisions\/3766"}],"wp:featuredmedia":[{"embeddable":true,"href":"https:\/\/agri-meteo.fr\/blog\/wp-json\/wp\/v2\/media\/3765"}],"wp:attachment":[{"href":"https:\/\/agri-meteo.fr\/blog\/wp-json\/wp\/v2\/media?parent=3762"}],"wp:term":[{"taxonomy":"category","embeddable":true,"href":"https:\/\/agri-meteo.fr\/blog\/wp-json\/wp\/v2\/categories?post=3762"},{"taxonomy":"post_tag","embeddable":true,"href":"https:\/\/agri-meteo.fr\/blog\/wp-json\/wp\/v2\/tags?post=3762"}],"curies":[{"name":"wp","href":"https:\/\/api.w.org\/{rel}","templated":true}]}}