{"id":3742,"date":"2023-12-23T06:55:00","date_gmt":"2023-12-23T05:55:00","guid":{"rendered":"https:\/\/agri-meteo.fr\/blog\/?p=3742"},"modified":"2023-12-19T14:51:48","modified_gmt":"2023-12-19T13:51:48","slug":"les-meilleurs-marches-de-noel-2023-a-visiter-en-france-pendant-les-vacances","status":"publish","type":"post","link":"https:\/\/agri-meteo.fr\/blog\/les-meilleurs-marches-de-noel-2023-a-visiter-en-france-pendant-les-vacances\/","title":{"rendered":"Les meilleurs march\u00e9s de no\u00ebl 2023 \u00e0 visiter en France pendant les vacances"},"content":{"rendered":"\n<p>No\u00ebl est une p\u00e9riode magique de l&#8217;ann\u00e9e, et la France offre une multitude de march\u00e9s de No\u00ebl pour c\u00e9l\u00e9brer cette saison festive. Que vous soyez \u00e0 la recherche de cadeaux artisanaux, de d\u00e9licieuses gourmandises de saison ou simplement de l&#8217;ambiance chaleureuse de No\u00ebl, les march\u00e9s de No\u00ebl fran\u00e7ais ont tout pour plaire. Dans cet article, nous vous emm\u00e8nerons \u00e0 la d\u00e9couverte des meilleurs march\u00e9s de No\u00ebl \u00e0 visiter en France pendant les vacances.<\/p>\n\n\n\n<h2 class=\"wp-block-heading\">Strasbourg, Alsace : Capitale des march\u00e9s de No\u00ebl<\/h2>\n\n\n\n<p>M\u00eame si les march\u00e9s de no\u00ebl ne sont pas l\u2019exclusivit\u00e9 de l\u2019Alsace, comment ne pas parler de celui de la ville de Strasbourg, surnomm\u00e9e la &#8220;Capitale de No\u00ebl&#8221;. Dans cette r\u00e9gion, c\u00e9l\u00e8bre pour ses march\u00e9s de No\u00ebl authentiques et pittoresques, celui de Strasbourg est le plus ancien de France, datant de 1570. Vous y trouverez des chalets en bois orn\u00e9s de d\u00e9corations de No\u00ebl, de nombreuses \u00e9choppes vendant des produits artisanaux et des sp\u00e9cialit\u00e9s alsaciennes telles que le pain d&#8217;\u00e9pices et le vin chaud. Ajoutez \u00e0 cela la cath\u00e9drale de Strasbourg, magnifiquement illumin\u00e9e, et vous ferez face \u00e0 un d\u00e9cor inoubliable.<\/p>\n\n\n\n<h2 class=\"wp-block-heading\">Colmar, Alsace : Petite Venise de No\u00ebl<\/h2>\n\n\n\n<p>Nous vous proposons une alternative au march\u00e9 de no\u00ebl strasbourgeois, avant de passer aux autres r\u00e9gions de France. En effet, Colmar est une autre ville pittoresque d&#8217;Alsace, elle aussi r\u00e9put\u00e9e pour ses march\u00e9s de No\u00ebl de style m\u00e9di\u00e9val. La vieille ville de Colmar, avec ses canaux rappelant Venise, prend une allure encore plus magique pendant la p\u00e9riode des f\u00eates.<\/p>\n\n\n\n<h2 class=\"wp-block-heading\">Paris, \u00cele-de-France : No\u00ebl \u00e0 la fran\u00e7aise<\/h2>\n\n\n\n<p>Comment ne pas penser \u00e0 notre capitale, ville des lumi\u00e8res, pour cette fin d\u2019ann\u00e9e ? Les Champs-\u00c9lys\u00e9es, la Tour Eiffel et les grands magasins comme les Galeries Lafayette s&#8217;illuminent de mille feux. Les march\u00e9s de No\u00ebl \u00e0 Paris ne sont pas en reste. Du march\u00e9 traditionnel de la D\u00e9fense au village de No\u00ebl sur les Champs-Elys\u00e9es, vous y trouverez des cadeaux originaux, des friandises d\u00e9licieuses et une ambiance festive.<\/p>\n\n\n\n<h2 class=\"wp-block-heading\">Lille, Hauts-de-France : March\u00e9 de No\u00ebl et Grande Roue<\/h2>\n\n\n\n<p>Lille, une ville situ\u00e9e dans le nord de la France, est connue pour sa grande braderie au mois de septembre. Mais elle est aussi r\u00e9put\u00e9e pour son march\u00e9 de No\u00ebl, color\u00e9 et anim\u00e9. Et pour continuer la magie, la Grande Roue offre une vue imprenable sur les illuminations de No\u00ebl de la ville.<\/p>\n\n\n\n<h2 class=\"wp-block-heading\">Marseille, Provence-Alpes-C\u00f4te d&#8217;Azur : March\u00e9 de No\u00ebl sur le Vieux-Port<\/h2>\n\n\n\n<p>Le march\u00e9 de No\u00ebl de Marseille est situ\u00e9 sur le pittoresque Vieux-Port, avec une vue imprenable sur la mer M\u00e9diterran\u00e9e. Ce march\u00e9 de No\u00ebl se distingue par ses produits artisanaux proven\u00e7aux, tels que la poterie, le savon de Marseille et les produits \u00e0 base de lavande. Vous pourrez \u00e9galement d\u00e9guster des sp\u00e9cialit\u00e9s r\u00e9gionales, comme la soupe au pistou et les treize desserts de No\u00ebl proven\u00e7aux.<\/p>\n\n\n\n<h2 class=\"wp-block-heading\">Avignon, Provence-Alpes-C\u00f4te d&#8217;Azur : March\u00e9 de No\u00ebl au Palais des Papes<\/h2>\n\n\n\n<p>La ville d&#8217;Avignon, c\u00e9l\u00e8bre pour son palais des Papes, organise un march\u00e9 de No\u00ebl pittoresque dans la cour du palais. Les stands vendent des produits artisanaux de qualit\u00e9 et des produits du terroir de la r\u00e9gion. L&#8217;ambiance m\u00e9di\u00e9vale du Palais des Papes ajoute une touche unique \u00e0 cette exp\u00e9rience de No\u00ebl.<\/p>\n\n\n\n<h2 class=\"wp-block-heading\">Toulouse, Occitanie : March\u00e9 de No\u00ebl sur la place du Capitole<\/h2>\n\n\n\n<p>Le march\u00e9 de No\u00ebl de Toulouse, situ\u00e9 sur la place du Capitole, est r\u00e9put\u00e9 pour ses d\u00e9corations lumineuses spectaculaires et ses produits artisanaux de qualit\u00e9. Vous pourrez d\u00e9guster des sp\u00e9cialit\u00e9s locales, telles que le foie gras et le cassoulet, tout en admirant les illuminations de No\u00ebl de la ville.<\/p>\n\n\n\n<h2 class=\"wp-block-heading\">Nantes, Pays de la Loire : Le village de No\u00ebl sur l&#8217;\u00eele de Nantes<\/h2>\n\n\n\n<p>Le village de No\u00ebl sur l&#8217;\u00eele de Nantes est un march\u00e9 de No\u00ebl unique en son genre. Il offre une exp\u00e9rience originale avec des installations artistiques contemporaines, des activit\u00e9s pour les enfants et des stands de cr\u00e9ateurs locaux. Vous pourrez \u00e9galement profiter des attractions du parc de loisirs de l&#8217;\u00eele de Nantes pendant votre visite.<\/p>\n","protected":false},"excerpt":{"rendered":"<p>No\u00ebl est une p\u00e9riode magique de l&#8217;ann\u00e9e, et la France offre une multitude de march\u00e9s de No\u00ebl pour c\u00e9l\u00e9brer cette saison festive. Que vous soyez \u00e0 la recherche de cadeaux artisanaux, de d\u00e9licieuses gourmandises de saison ou simplement de l&#8217;ambiance chaleureuse de No\u00ebl, les march\u00e9s de No\u00ebl fran\u00e7ais ont tout pour plaire. Dans cet article, [&hellip;]<\/p>\n","protected":false},"author":2,"featured_media":3745,"comment_status":"open","ping_status":"open","sticky":false,"template":"","format":"standard","meta":{"_seopress_robots_primary_cat":"none","_seopress_titles_title":"","_seopress_titles_desc":"","_seopress_robots_index":"","rank_math_lock_modified_date":false,"footnotes":""},"categories":[3],"tags":[61,69],"class_list":{"0":"post-3742","1":"post","2":"type-post","3":"status-publish","4":"format-standard","5":"has-post-thumbnail","7":"category-insolite","8":"tag-hiver","9":"tag-noel"},"_links":{"self":[{"href":"https:\/\/agri-meteo.fr\/blog\/wp-json\/wp\/v2\/posts\/3742","targetHints":{"allow":["GET"]}}],"collection":[{"href":"https:\/\/agri-meteo.fr\/blog\/wp-json\/wp\/v2\/posts"}],"about":[{"href":"https:\/\/agri-meteo.fr\/blog\/wp-json\/wp\/v2\/types\/post"}],"author":[{"embeddable":true,"href":"https:\/\/agri-meteo.fr\/blog\/wp-json\/wp\/v2\/users\/2"}],"replies":[{"embeddable":true,"href":"https:\/\/agri-meteo.fr\/blog\/wp-json\/wp\/v2\/comments?post=3742"}],"version-history":[{"count":1,"href":"https:\/\/agri-meteo.fr\/blog\/wp-json\/wp\/v2\/posts\/3742\/revisions"}],"predecessor-version":[{"id":3746,"href":"https:\/\/agri-meteo.fr\/blog\/wp-json\/wp\/v2\/posts\/3742\/revisions\/3746"}],"wp:featuredmedia":[{"embeddable":true,"href":"https:\/\/agri-meteo.fr\/blog\/wp-json\/wp\/v2\/media\/3745"}],"wp:attachment":[{"href":"https:\/\/agri-meteo.fr\/blog\/wp-json\/wp\/v2\/media?parent=3742"}],"wp:term":[{"taxonomy":"category","embeddable":true,"href":"https:\/\/agri-meteo.fr\/blog\/wp-json\/wp\/v2\/categories?post=3742"},{"taxonomy":"post_tag","embeddable":true,"href":"https:\/\/agri-meteo.fr\/blog\/wp-json\/wp\/v2\/tags?post=3742"}],"curies":[{"name":"wp","href":"https:\/\/api.w.org\/{rel}","templated":true}]}}