{"id":3730,"date":"2023-12-21T06:55:00","date_gmt":"2023-12-21T05:55:00","guid":{"rendered":"https:\/\/agri-meteo.fr\/blog\/?p=3730"},"modified":"2023-12-19T10:33:25","modified_gmt":"2023-12-19T09:33:25","slug":"quelle-meteo-pour-ce-weekend","status":"publish","type":"post","link":"https:\/\/agri-meteo.fr\/blog\/quelle-meteo-pour-ce-weekend\/","title":{"rendered":"Quelle m\u00e9t\u00e9o pour ce weekend ?"},"content":{"rendered":"\n<p>La m\u00e9t\u00e9o joue un r\u00f4le crucial dans la planification de nos activit\u00e9s de week-end et encore plus pour celui \u00e0 venir, puisqu\u2019il s\u2019agit des f\u00eates de no\u00ebl et qu\u2019il dure 3 jours. Alors quelles sont les pr\u00e9visions \u00e0 venir pour partir \u00e0 la recherche du P\u00e8re No\u00ebl dans le ciel dimanche soir et pour prendre la route ?<\/p>\n\n\n\n<h2 class=\"wp-block-heading\">La journ\u00e9e de samedi<\/h2>\n\n\n\n<p>Bonne nouvelle si vous prenez la route samedi pour aller r\u00e9veillonner : la neige n\u2019est pas pr\u00e9vue au programme ! Vous pouvez donc charger les bagages sans crainte dans le coffre de la voiture et partir rejoindre vos proches. Attention tout de m\u00eame, car la pluie sera au rendez-vous en Bretagne, en Normandie et sur l\u2019axe Biarritz &#8211; Strasbourg. Entre cet axe et l\u2019ouest de la France, le temps sera nuageux. En revanche, le soleil sera pr\u00e9sent sur le bassin m\u00e9diterran\u00e9en.<\/p>\n\n\n\n<p>Du c\u00f4t\u00e9 des temp\u00e9ratures, il est pr\u00e9vu entre 5 et 13 degr\u00e9s le matin et l\u2019apr\u00e8s-midi cela peut monter \u00e0 16\u00b0, \u00e9videmment pour la r\u00e9gion Paca. Quoi qu\u2019il en soit, pas de gel\u00e9e \u00e0 l\u2019horizon en journ\u00e9e.<\/p>\n\n\n\n<h2 class=\"wp-block-heading\">La journ\u00e9e de dimanche<\/h2>\n\n\n\n<p>Si vous voulez profiter de votre journ\u00e9e de dimanche pour vous promener et d\u00e9fouler les enfants avant de vous mettre \u00e0 table pour le r\u00e9veillon, votre programme va d\u00e9pendre de la r\u00e9gion o\u00f9 vous vous trouvez.<\/p>\n\n\n\n<p>Tout le sud de la France, de Biarritz \u00e0 Nice, aura la chance de profiter du soleil toute la journ\u00e9e. Les temp\u00e9ratures seront agr\u00e9ables, surtout l\u2019apr\u00e8s-midi, avec une moyenne annonc\u00e9e de 14 degr\u00e9s. En revanche, tout le reste de la France sera sous la pluie et les nuages. Cela n\u2019est donc pas tr\u00e8s r\u00e9jouissant, m\u00eame si les temp\u00e9ratures d\u00e9passeront les 10 degr\u00e9s. Vous allez devoir pr\u00e9voir des activit\u00e9s int\u00e9rieures, comme des ateliers cuisine pour le r\u00e9veillon.<\/p>\n\n\n\n<h2 class=\"wp-block-heading\">Le r\u00e9veillon de No\u00ebl<\/h2>\n\n\n\n<p>Si vous avez des enfants qui croient au P\u00e8re No\u00ebl, rien de plus magique que de partir \u00e0 sa recherche \u00e0 la tomb\u00e9e de la nuit ou pendant que les cadeaux apparaissent sous le sapin, pour ceux qui ne peuvent attendre le 25 au matin.<\/p>\n\n\n\n<p>Encore une fois, vous devriez pouvoir scruter le ciel sans encombre dans le sud de la France. En effet, le ciel sera d\u00e9gag\u00e9 entre Biarritz et Nice. Pour le reste du pays, il sera difficile d\u2019observer les \u00e9toiles et par cons\u00e9quent d\u2019apercevoir le traineau du P\u00e8re No\u00ebl. Les nuages vont largement dominer le ciel du r\u00e9veillon et la pluie sera aussi de la partie.<\/p>\n\n\n\n<h2 class=\"wp-block-heading\">La journ\u00e9e de No\u00ebl<\/h2>\n\n\n\n<p>G\u00e9n\u00e9ralement, le matin de No\u00ebl est r\u00e9serv\u00e9 \u00e0 l\u2019ouverture des cadeaux (sauf si vous l\u2019avez fait la veille). Vous devriez donc rester au chaud. C\u2019est plut\u00f4t une bonne id\u00e9e, car les temp\u00e9ratures ne seront pas tr\u00e8s \u00e9lev\u00e9es, hormis pour Perpignan dont le thermom\u00e8tre devrait afficher 16 degr\u00e9s d\u00e8s le matin. Pour le reste, il est pr\u00e9vu entre 1 et 11 degr\u00e9s.<\/p>\n\n\n\n<p>Il faudra aussi composer avec la pluie sur l\u2019axe Biarritz &#8211; Strasbourg, comme c\u2019\u00e9tait d\u00e9j\u00e0 le cas samedi. \u00c0 croire que si vous prenez la route, vous \u00eates vou\u00e9 \u00e0 faire avec le mauvais temps \u00e0 l\u2019aller et au retour. En revanche, la Paca ne sera pas la seule r\u00e9gion \u00e0 profiter du soleil. Ce sera aussi le cas des Hauts-de-France.<\/p>\n\n\n\n<p>Les pr\u00e9visions m\u00e9t\u00e9o seront sensiblement les m\u00eames l\u2019apr\u00e8s-midi. La seule diff\u00e9rence, c\u2019est que la pluie sera moins pr\u00e9sente sur le territoire. Seules les routes du Pays Basque et de l\u2019Est devraient \u00eatre humides. En dehors de ces r\u00e9gions, vous devriez rouler sur une chauss\u00e9e s\u00e8che pour rentrer chez vous. Pour celles et ceux qui ont la chance d\u2019\u00eatre en vacances, vous pourrez pr\u00e9voir une petite balade pour dig\u00e9rer le repas de la veille.<\/p>\n","protected":false},"excerpt":{"rendered":"<p>La m\u00e9t\u00e9o joue un r\u00f4le crucial dans la planification de nos activit\u00e9s de week-end et encore plus pour celui \u00e0 venir, puisqu\u2019il s\u2019agit des f\u00eates de no\u00ebl et qu\u2019il dure 3 jours. Alors quelles sont les pr\u00e9visions \u00e0 venir pour partir \u00e0 la recherche du P\u00e8re No\u00ebl dans le ciel dimanche soir et pour prendre [&hellip;]<\/p>\n","protected":false},"author":2,"featured_media":3725,"comment_status":"open","ping_status":"open","sticky":false,"template":"","format":"standard","meta":{"_seopress_robots_primary_cat":"none","_seopress_titles_title":"","_seopress_titles_desc":"","_seopress_robots_index":"","rank_math_lock_modified_date":false,"footnotes":""},"categories":[3],"tags":[63,61],"class_list":{"0":"post-3730","1":"post","2":"type-post","3":"status-publish","4":"format-standard","5":"has-post-thumbnail","7":"category-insolite","8":"tag-climat","9":"tag-hiver"},"_links":{"self":[{"href":"https:\/\/agri-meteo.fr\/blog\/wp-json\/wp\/v2\/posts\/3730","targetHints":{"allow":["GET"]}}],"collection":[{"href":"https:\/\/agri-meteo.fr\/blog\/wp-json\/wp\/v2\/posts"}],"about":[{"href":"https:\/\/agri-meteo.fr\/blog\/wp-json\/wp\/v2\/types\/post"}],"author":[{"embeddable":true,"href":"https:\/\/agri-meteo.fr\/blog\/wp-json\/wp\/v2\/users\/2"}],"replies":[{"embeddable":true,"href":"https:\/\/agri-meteo.fr\/blog\/wp-json\/wp\/v2\/comments?post=3730"}],"version-history":[{"count":1,"href":"https:\/\/agri-meteo.fr\/blog\/wp-json\/wp\/v2\/posts\/3730\/revisions"}],"predecessor-version":[{"id":3733,"href":"https:\/\/agri-meteo.fr\/blog\/wp-json\/wp\/v2\/posts\/3730\/revisions\/3733"}],"wp:featuredmedia":[{"embeddable":true,"href":"https:\/\/agri-meteo.fr\/blog\/wp-json\/wp\/v2\/media\/3725"}],"wp:attachment":[{"href":"https:\/\/agri-meteo.fr\/blog\/wp-json\/wp\/v2\/media?parent=3730"}],"wp:term":[{"taxonomy":"category","embeddable":true,"href":"https:\/\/agri-meteo.fr\/blog\/wp-json\/wp\/v2\/categories?post=3730"},{"taxonomy":"post_tag","embeddable":true,"href":"https:\/\/agri-meteo.fr\/blog\/wp-json\/wp\/v2\/tags?post=3730"}],"curies":[{"name":"wp","href":"https:\/\/api.w.org\/{rel}","templated":true}]}}