{"id":3722,"date":"2023-12-20T06:55:00","date_gmt":"2023-12-20T05:55:00","guid":{"rendered":"https:\/\/agri-meteo.fr\/blog\/?p=3722"},"modified":"2023-12-19T10:30:49","modified_gmt":"2023-12-19T09:30:49","slug":"prevision-meteo-du-18-au-24-decembre-surprise-climatique","status":"publish","type":"post","link":"https:\/\/agri-meteo.fr\/blog\/prevision-meteo-du-18-au-24-decembre-surprise-climatique\/","title":{"rendered":"Les pr\u00e9visions m\u00e9t\u00e9o de No\u00ebl 2023 : bonhomme de neige ou parapluie ?"},"content":{"rendered":"\n<p>La m\u00e9t\u00e9o de la semaine du 18 au 24 d\u00e9cembre 2023 va \u00eatre coup\u00e9e en deux. Pour savoir ce qui vous attend dans les jours qui arrivent et surtout pour le r\u00e9veillon de No\u00ebl (si vous voulez partir \u00e0 la recherche du p\u00e8re no\u00ebl \u00e0 la tomb\u00e9e de la nuit), vous pouvez vous appuyer sur les pr\u00e9visions de M\u00e9t\u00e9o France.<\/p>\n\n\n\n<h2 class=\"wp-block-heading\">De lundi 18 et mardi 19<\/h2>\n\n\n\n<p>Ces deux premi\u00e8res journ\u00e9es de la semaine sont assez similaires. La France est coup\u00e9e en deux, dans son axe sud-ouest \/ nord-est.<\/p>\n\n\n\n<p>Du sud-ouest au nord, en passant par la r\u00e9gion parisienne et la Bretagne, le brouillard sera pr\u00e9sent le matin et les nuages l\u2019apr\u00e8s-midi. En revanche, vous devriez rester au sec, si vous avez pr\u00e9vu d\u2019\u00eatre dehors. La temp\u00e9rature moyenne matinale sera autour de 3 degr\u00e9s, exception faite pour la Bretagne avec 12 degr\u00e9s \u00e0 Brest. Il faudra donc faire attention aux gel\u00e9es pour les autres r\u00e9gions sous le brouillard. Pour l\u2019apr\u00e8s-midi, tr\u00e8s peu de changement pour la journ\u00e9e de lundi. Il fera donc froid. En revanche, cela remonte un peu mardi, avec une moyenne de 9 degr\u00e9s.<\/p>\n\n\n\n<p>Pour la seconde moiti\u00e9 de la France, c\u2019est le soleil qui dominera toute la journ\u00e9e. Maintenant, sans couverture nuageuse, vous devez vous attendre \u00e0 subir les assauts du froid sec, sauf si vous avez la chance de vous trouver sur le bassin m\u00e9diterran\u00e9en. Dans ce cas, vous aurez entre 8 et 11 degr\u00e9s le matin et 15 degr\u00e9s l\u2019apr\u00e8s-midi, de quoi fl\u00e2ner dans les rues pour le shopping de derni\u00e8re minute, profiter des march\u00e9s, voir le p\u00e8re no\u00ebl\u2026 <\/p>\n\n\n\n<p>Pour les autres r\u00e9gions, il faudra bien se couvrir, car dehors, vous allez avoir froid. Il est pr\u00e9vu de 0 \u00e0 5 degr\u00e9s le matin. En sachant que les relev\u00e9s sont faits sous abris, les gel\u00e9es seront donc pr\u00e9sentes. Et pour l\u2019apr\u00e8s-midi, cela varie de 2 \u00e0 8\u00b0.<\/p>\n\n\n\n<h2 class=\"wp-block-heading\">Du mercredi 20 au samedi 23<\/h2>\n\n\n\n<p>\u00c0 partir de mercredi, la pluie fait son retour en France m\u00e9tropolitaine. Elle arrivera d\u00e8s le matin par le pays Basque, dans l\u2019axe sud-ouest \/ nord-est jusqu\u2019en Alsace. La PACA et l\u2019ouest de la France aura cette fois le droit au soleil, apr\u00e8s avoir eu le droit au brouillard et aux nuages. Mais cela sera de courte dur\u00e9e, car d\u00e8s jeudi, une perturbation arrivera par la pointe bretonne.<\/p>\n\n\n\n<p>En r\u00e9sum\u00e9, hormis la journ\u00e9e de mercredi, ce reste de semaine sera domin\u00e9 par les nuages et les averses. Pr\u00e9voyez donc les imperm\u00e9ables et faites attention si vous devez prendre la route en cette fin de semaine pour passer les f\u00eates en famille. V\u00e9rifiez notamment que vos essuie-glaces soient en bon \u00e9tat, tout comme vos pneumatiques. La bonne nouvelle, c\u2019est que les temp\u00e9ratures vont remonter, du fait de cette couverture nuageuse. En moyenne, vous aurez entre 5 et 10 degr\u00e9s le matin, et jusqu\u2019\u00e0 14 l\u2019apr\u00e8s-midi.<\/p>\n\n\n\n<h2 class=\"wp-block-heading\">Dimanche 24 : le r\u00e9veillon de no\u00ebl<\/h2>\n\n\n\n<p>Pour ce r\u00e9veillon, en r\u00e9alit\u00e9, il n\u2019y a pas beaucoup de changement avec les jours pr\u00e9c\u00e9dents. Maintenant, vous le savez, les pr\u00e9visions m\u00e9t\u00e9o m\u00e9ritent d\u2019\u00eatre v\u00e9rifi\u00e9es, car des changements sont toujours possibles. Plus sp\u00e9cifiquement pour la soir\u00e9e, pour celles et ceux qui partent \u00e0 la recherche du traineau du p\u00e8re no\u00ebl tir\u00e9 dans le ciel par ses rennes, la pluie devrait \u00eatre pr\u00e9sente pour toutes les r\u00e9gions du nord, de la Bretagne \u00e0 l\u2019Alsace, mais les temp\u00e9ratures seront tr\u00e8s douces. De Bordeaux \u00e0 la Paca, sans oublier la Corse, le ciel sera d\u00e9gag\u00e9 pour admirer les \u00e9toiles et apercevoir le vieux Monsieur en manteau rouge. Vous ne devriez pas avoir froid non plus, avec des temp\u00e9ratures en soir\u00e9e allant de 10 \u00e0 15 degr\u00e9s.<\/p>\n","protected":false},"excerpt":{"rendered":"<p>La m\u00e9t\u00e9o de la semaine du 18 au 24 d\u00e9cembre 2023 va \u00eatre coup\u00e9e en deux. Pour savoir ce qui vous attend dans les jours qui arrivent et surtout pour le r\u00e9veillon de No\u00ebl (si vous voulez partir \u00e0 la recherche du p\u00e8re no\u00ebl \u00e0 la tomb\u00e9e de la nuit), vous pouvez vous appuyer sur [&hellip;]<\/p>\n","protected":false},"author":2,"featured_media":3728,"comment_status":"open","ping_status":"open","sticky":false,"template":"","format":"standard","meta":{"_seopress_robots_primary_cat":"none","_seopress_titles_title":"","_seopress_titles_desc":"","_seopress_robots_index":"","rank_math_lock_modified_date":false,"footnotes":""},"categories":[3],"tags":[63,61],"class_list":{"0":"post-3722","1":"post","2":"type-post","3":"status-publish","4":"format-standard","5":"has-post-thumbnail","7":"category-insolite","8":"tag-climat","9":"tag-hiver"},"_links":{"self":[{"href":"https:\/\/agri-meteo.fr\/blog\/wp-json\/wp\/v2\/posts\/3722","targetHints":{"allow":["GET"]}}],"collection":[{"href":"https:\/\/agri-meteo.fr\/blog\/wp-json\/wp\/v2\/posts"}],"about":[{"href":"https:\/\/agri-meteo.fr\/blog\/wp-json\/wp\/v2\/types\/post"}],"author":[{"embeddable":true,"href":"https:\/\/agri-meteo.fr\/blog\/wp-json\/wp\/v2\/users\/2"}],"replies":[{"embeddable":true,"href":"https:\/\/agri-meteo.fr\/blog\/wp-json\/wp\/v2\/comments?post=3722"}],"version-history":[{"count":2,"href":"https:\/\/agri-meteo.fr\/blog\/wp-json\/wp\/v2\/posts\/3722\/revisions"}],"predecessor-version":[{"id":3729,"href":"https:\/\/agri-meteo.fr\/blog\/wp-json\/wp\/v2\/posts\/3722\/revisions\/3729"}],"wp:featuredmedia":[{"embeddable":true,"href":"https:\/\/agri-meteo.fr\/blog\/wp-json\/wp\/v2\/media\/3728"}],"wp:attachment":[{"href":"https:\/\/agri-meteo.fr\/blog\/wp-json\/wp\/v2\/media?parent=3722"}],"wp:term":[{"taxonomy":"category","embeddable":true,"href":"https:\/\/agri-meteo.fr\/blog\/wp-json\/wp\/v2\/categories?post=3722"},{"taxonomy":"post_tag","embeddable":true,"href":"https:\/\/agri-meteo.fr\/blog\/wp-json\/wp\/v2\/tags?post=3722"}],"curies":[{"name":"wp","href":"https:\/\/api.w.org\/{rel}","templated":true}]}}