{"id":3638,"date":"2023-12-04T06:55:00","date_gmt":"2023-12-04T05:55:00","guid":{"rendered":"https:\/\/agri-meteo.fr\/blog\/?p=3638"},"modified":"2023-11-30T15:43:40","modified_gmt":"2023-11-30T14:43:40","slug":"prevision-meteo-pour-la-semaine-du-4-au-10-decembre","status":"publish","type":"post","link":"https:\/\/agri-meteo.fr\/blog\/prevision-meteo-pour-la-semaine-du-4-au-10-decembre\/","title":{"rendered":"Pr\u00e9vision m\u00e9t\u00e9o pour la semaine du 4 au 10 D\u00e9cembre"},"content":{"rendered":"\n<p>Apr\u00e8s un encha\u00eenement de temp\u00eates, l\u2019hiver s\u2019installe progressivement en France. La semaine du 4 au 10 d\u00e9cembre s&#8217;annonce comme une p\u00e9riode m\u00e9t\u00e9orologique tr\u00e8s vari\u00e9e, domin\u00e9e par des conditions changeantes. En effet, les pr\u00e9visions m\u00e9t\u00e9o indiquent des contrastes marqu\u00e9s entre les r\u00e9gions. Voici donc ce qu\u2019il nous attend.<\/p>\n\n\n\n<h2 class=\"wp-block-heading\">La vague de froid en France au d\u00e9but de semaine<\/h2>\n\n\n\n<p>Au nord de la France, les habitants doivent se pr\u00e9parer \u00e0 affronter un froid hivernal intense. En effet, une masse d&#8217;air froid venue des r\u00e9gions arctiques entra\u00eenera une baisse significative des temp\u00e9ratures. Des chutes de neige sont m\u00eame attendues dans certaines r\u00e9gions.<\/p>\n\n\n\n<p>Ainsi, si vous habitez ou si vous devez vous rendre en Normandie, en Bretagne ou dans les Hauts-de-France, attendez-vous \u00e0 d\u00e9couvrir un manteau blanc recouvrant les paysages. Si vous devez prendre la route, il est temps d\u2019\u00e9quiper votre v\u00e9hicule de pneus hiver ou de r\u00e9viser le montage de vos cha\u00eenes \u00e0 neige.<\/p>\n\n\n\n<p>Les r\u00e9gions de l\u2019est ne seront pas \u00e9pargn\u00e9es \u00e9galement. M\u00eame si la couverture neigeuse devrait \u00eatre moins importante, les temp\u00e9ratures hivernales vont persister en Alsace et en Lorraine. Quant \u00e0 la r\u00e9gion parisienne et le centre de la France, il n\u2019y a pas de neige pr\u00e9vue \u00e0 l\u2019horizon, mais les journ\u00e9es et les nuits seront glaciales.<\/p>\n\n\n\n<p>Bonne nouvelle, \u00e0 partir du milieu de la semaine, les temp\u00e9ratures devraient remonter, mais en contrepartie, le ciel restera couvert sur une bonne partie du pays. C\u2019est malheureusement le prix \u00e0 payer pour avoir moins froid.<\/p>\n\n\n\n<h2 class=\"wp-block-heading\">L\u2019exception du sud de la France<\/h2>\n\n\n\n<p>Dans le sud de la France, et notamment en Provence-Alpes-C\u00f4te d&#8217;Azur et en Occitanie, les conditions m\u00e9t\u00e9orologiques seront plus cl\u00e9mentes. Les temp\u00e9ratures resteront au-dessus de la moyenne saisonni\u00e8re. Avec des temp\u00e9ratures comprises entre 13 et 15 degr\u00e9s l\u2019apr\u00e8s-midi, vous pourrez donc profiter de belles journ\u00e9es pour \u00eatre \u00e0 l\u2019ext\u00e9rieur et vous reposer en terrasse. Enfin, ce sera surtout \u00e0 partir de mercredi, car le d\u00e9but de semaine sera marqu\u00e9 par un temps pluvieux. En tout cas, vous aurez de la chance de profiter de ce soleil d\u00e8s le milieu de semaine, car le reste du pays sera sous la grisaille et la pluie.<\/p>\n\n\n\n<h2 class=\"wp-block-heading\">Cas particulier du littoral atlantique<\/h2>\n\n\n\n<p>Comme c\u2019est souvent le cas pour le littoral atlantique, les conditions m\u00e9t\u00e9o sont changeantes et l\u2019incertitude reste de mise. Ainsi, la fin de semaine et notamment le weekend seront marqu\u00e9s par des pluies, de la Bretagne au Pays Basque. En revanche, la journ\u00e9e du mercredi s\u2019annonce radieuse. Alors, profitez-en pour faire le plein de vitamines D au soleil.<\/p>\n\n\n\n<h2 class=\"wp-block-heading\">La m\u00e9t\u00e9o dans les massifs montagneux<\/h2>\n\n\n\n<p>Vous avez pr\u00e9vu de profiter des sports d\u2019hiver en montagne ? Voici les tendances \u00e0 venir pour la semaine du 4 au 10 d\u00e9cembre, pour savoir si c\u2019est le bon moment pour vous de chausser vos skis ou de sortir la luge du placard.<\/p>\n\n\n\n<p>Les Alpes devraient subir les affronts de la neige et des temp\u00e9ratures n\u00e9gatives tout le d\u00e9but de la semaine. Le soleil et les temp\u00e9ratures positives devraient ensuite revenir \u00e0 partir de jeudi.<\/p>\n\n\n\n<p>Du c\u00f4t\u00e9 des Pyr\u00e9n\u00e9es, ce sera un m\u00e9lange de pluie et de neige, une bonne partie de la semaine. On note tout de m\u00eame une exception pour la journ\u00e9e du mercredi, o\u00f9 le soleil devrait dominer massivement. C\u2019est la journ\u00e9e id\u00e9ale pour en profiter.<\/p>\n\n\n\n<p>Concernant la Corse, il est difficile de donner une pr\u00e9vision, puisque M\u00e9t\u00e9o France pr\u00e9voit du soleil, de la pluie et de la neige. Vous devrez consulter les pr\u00e9visions au jour le jour.<\/p>\n\n\n\n<p>Enfin, le Massif Central devrait \u00eatre sous la grisaille et la pluie, avec des temp\u00e9ratures autour de 4 degr\u00e9s l\u2019apr\u00e8s-midi. Ce sera sensiblement la m\u00eame chose pour les Vosges et le Jura.<\/p>\n","protected":false},"excerpt":{"rendered":"<p>Apr\u00e8s un encha\u00eenement de temp\u00eates, l\u2019hiver s\u2019installe progressivement en France. La semaine du 4 au 10 d\u00e9cembre s&#8217;annonce comme une p\u00e9riode m\u00e9t\u00e9orologique tr\u00e8s vari\u00e9e, domin\u00e9e par des conditions changeantes. En effet, les pr\u00e9visions m\u00e9t\u00e9o indiquent des contrastes marqu\u00e9s entre les r\u00e9gions. Voici donc ce qu\u2019il nous attend. La vague de froid en France au d\u00e9but [&hellip;]<\/p>\n","protected":false},"author":2,"featured_media":3642,"comment_status":"open","ping_status":"open","sticky":false,"template":"","format":"standard","meta":{"_seopress_robots_primary_cat":"none","_seopress_titles_title":"","_seopress_titles_desc":"","_seopress_robots_index":"","rank_math_lock_modified_date":false,"footnotes":""},"categories":[3],"tags":[63],"class_list":{"0":"post-3638","1":"post","2":"type-post","3":"status-publish","4":"format-standard","5":"has-post-thumbnail","7":"category-insolite","8":"tag-climat"},"_links":{"self":[{"href":"https:\/\/agri-meteo.fr\/blog\/wp-json\/wp\/v2\/posts\/3638","targetHints":{"allow":["GET"]}}],"collection":[{"href":"https:\/\/agri-meteo.fr\/blog\/wp-json\/wp\/v2\/posts"}],"about":[{"href":"https:\/\/agri-meteo.fr\/blog\/wp-json\/wp\/v2\/types\/post"}],"author":[{"embeddable":true,"href":"https:\/\/agri-meteo.fr\/blog\/wp-json\/wp\/v2\/users\/2"}],"replies":[{"embeddable":true,"href":"https:\/\/agri-meteo.fr\/blog\/wp-json\/wp\/v2\/comments?post=3638"}],"version-history":[{"count":1,"href":"https:\/\/agri-meteo.fr\/blog\/wp-json\/wp\/v2\/posts\/3638\/revisions"}],"predecessor-version":[{"id":3641,"href":"https:\/\/agri-meteo.fr\/blog\/wp-json\/wp\/v2\/posts\/3638\/revisions\/3641"}],"wp:featuredmedia":[{"embeddable":true,"href":"https:\/\/agri-meteo.fr\/blog\/wp-json\/wp\/v2\/media\/3642"}],"wp:attachment":[{"href":"https:\/\/agri-meteo.fr\/blog\/wp-json\/wp\/v2\/media?parent=3638"}],"wp:term":[{"taxonomy":"category","embeddable":true,"href":"https:\/\/agri-meteo.fr\/blog\/wp-json\/wp\/v2\/categories?post=3638"},{"taxonomy":"post_tag","embeddable":true,"href":"https:\/\/agri-meteo.fr\/blog\/wp-json\/wp\/v2\/tags?post=3638"}],"curies":[{"name":"wp","href":"https:\/\/api.w.org\/{rel}","templated":true}]}}