{"id":3611,"date":"2023-11-28T06:55:00","date_gmt":"2023-11-28T05:55:00","guid":{"rendered":"https:\/\/agri-meteo.fr\/blog\/?p=3611"},"modified":"2023-11-28T14:42:22","modified_gmt":"2023-11-28T13:42:22","slug":"previsions-meteo-decembre-2023-preparez-vous-aux-surprises-du-climat","status":"publish","type":"post","link":"https:\/\/agri-meteo.fr\/blog\/previsions-meteo-decembre-2023-preparez-vous-aux-surprises-du-climat\/","title":{"rendered":"Pr\u00e9visions m\u00e9t\u00e9o D\u00e9cembre 2023 : pr\u00e9parez-vous aux surprises du climat"},"content":{"rendered":"\n<p>L&#8217;hiver 2023-2024 approche \u00e0 grands pas, et les amateurs de froid et de neige s&#8217;int\u00e9ressent comme chaque ann\u00e9e aux tendances m\u00e9t\u00e9orologiques de cette nouvelle saison. Dans cet article, nous allons vous pr\u00e9senter les principales tendances de l&#8217;hiver \u00e0 venir en France, bas\u00e9es sur les donn\u00e9es des mod\u00e8les m\u00e9t\u00e9orologiques et indices r\u00e9colt\u00e9s.<\/p>\n\n\n\n<h2 class=\"wp-block-heading\">Un hiver propice aux perturbations climatiques<\/h2>\n\n\n\n<p>Selon plusieurs mod\u00e8les m\u00e9t\u00e9orologiques, la probabilit\u00e9 d&#8217;un hiver plus humide que la moyenne en France augmente significativement. En d&#8217;autres termes, les mois de janvier et f\u00e9vrier pourraient \u00eatre marqu\u00e9s par le passage fr\u00e9quent de perturbations, sauf peut-\u00eatre vers la r\u00e9gion m\u00e9diterran\u00e9enne o\u00f9 un temps plus sec serait privil\u00e9gi\u00e9.<\/p>\n\n\n\n<h2 class=\"wp-block-heading\">Des temp\u00e9ratures plut\u00f4t cl\u00e9mentes en d\u00e9cembre<\/h2>\n\n\n\n<p>Le premier mois de l&#8217;hiver m\u00e9t\u00e9orologique, c&#8217;est-\u00e0-dire d\u00e9cembre, devrait \u00eatre g\u00e9n\u00e9ralement doux sur l&#8217;ensemble du pays selon divers mod\u00e8les saisonniers, notamment les mod\u00e8les europ\u00e9ens ECMWF et am\u00e9ricains CFS. Le mod\u00e8le am\u00e9ricain CFS penche plut\u00f4t pour des conditions relativement cl\u00e9mentes persistant jusqu&#8217;\u00e0 la fin de l&#8217;hiver, tandis que l&#8217;ECMWF anticipe des temp\u00e9ratures plus proches de la normale, voire l\u00e9g\u00e8rement en-dessous d\u00e8s le d\u00e9but de la saison froide.<\/p>\n\n\n\n<p><strong>Il est cependant important de noter qu&#8217;aucun sc\u00e9nario ne peut \u00eatre privil\u00e9gi\u00e9 \u00e0 ce stade, car plusieurs facteurs atmosph\u00e9riques doivent encore \u00eatre pr\u00e9cis\u00e9s.<\/strong><\/p>\n\n\n\n<h3 class=\"wp-block-heading\">Outils utilis\u00e9s pour d\u00e9velopper ces tendances<\/h3>\n\n\n\n<ul class=\"wp-block-list\">\n<li>Mod\u00e8les num\u00e9riques<\/li>\n\n\n\n<li>Indices m\u00e9t\u00e9orologiques (QBO, activit\u00e9 solaire, PNA, ENSO&#8230;)<\/li>\n\n\n\n<li>Statistiques<\/li>\n<\/ul>\n\n\n\n<h2 class=\"wp-block-heading\">L&#8217;activit\u00e9 solaire aurait-elle une influence ?<\/h2>\n\n\n\n<p>Selon certaines recherches, il semble que les hivers pr\u00e9sentant une activit\u00e9 solaire n\u00e9gative ou non-significative soient souvent associ\u00e9s \u00e0 des conditions plus froides. Cela pourrait n\u00e9anmoins varier en fonction des autres param\u00e8tres climatiques pris en compte, tels que la QBO, le PNA et l&#8217;ENSO.<\/p>\n\n\n\n<h2 class=\"wp-block-heading\">Pr\u00e9visions pour les mois d&#8217;hiver 2023-2024<\/h2>\n\n\n\n<h3 class=\"wp-block-heading\">Novembre 2023 : vers un temps frais et peu pluvieux<\/h3>\n\n\n\n<ul class=\"wp-block-list\">\n<li>Temp\u00e9rature : +0,2 \u00b0C<\/li>\n\n\n\n<li>Precipitations : faibles, sauf dans le sud-est de la France<\/li>\n\n\n\n<li>Ensoleillement : relativement important<\/li>\n<\/ul>\n\n\n\n<p>Les hautes pressions fr\u00e9quemment centr\u00e9es vers l&#8217;Irlande devraient diriger un courant de nord \u00e0 nord-est assez r\u00e9current, devenant frais voire froid au fil des semaines. Peu de pr\u00e9cipitations sont attendues, sauf pr\u00e8s de la M\u00e9diterran\u00e9e o\u00f9 une perturbation pourrait apporter des pluies assez abondantes. Le soleil devrait \u00eatre pr\u00e9sent pour ce dernier mois d&#8217;automne, except\u00e9 dans le sud-est du pays o\u00f9 un d\u00e9ficit d&#8217;ensoleillement pourrait survenir.<\/p>\n\n\n\n<h3 class=\"wp-block-heading\">D\u00e9cembre 2023 : un temps doux et pluvieux<\/h3>\n\n\n\n<ul class=\"wp-block-list\">\n<li>Temp\u00e9rature : +1,6 \u00b0C<\/li>\n\n\n\n<li>Precipitations : abondantes sur l&#8217;ensemble du territoire<\/li>\n\n\n\n<li>Ensoleillement : faible<\/li>\n<\/ul>\n\n\n\n<p>Le courant rapide d&#8217;ouest \u00e0 sud-ouest venues de l&#8217;oc\u00e9an devrait apporter des pluies fr\u00e9quentes et abondantes sur l&#8217;ensemble de la France en d\u00e9cembre. Ces perturbations seraient \u00e9galement venteuses, avec des orages probables, notamment dans le nord et l&#8217;ouest du pays.<\/p>\n\n\n\n<h3 class=\"wp-block-heading\">Janvier 2024 : entre froid au nord et douceur au sud<\/h3>\n\n\n\n<ul class=\"wp-block-list\">\n<li>Temp\u00e9rature : +1,2 \u00b0C<\/li>\n\n\n\n<li>Precipitations : abondantes, neigeuses dans le nord<\/li>\n\n\n\n<li>Ensoleillement : faible<\/li>\n<\/ul>\n\n\n\n<p><strong>De l&#8217;air froid et humide devrait dominer de mani\u00e8re r\u00e9currente sur la moiti\u00e9 nord de la France,<\/strong>&nbsp;en raison d&#8217;un flux de nord-nordest descendant de la Norv\u00e8ge et entrant en conflit avec des masses d&#8217;air plus douces et humides venues du sud. La moiti\u00e9 nord du pays conna\u00eetrait ainsi un temps tr\u00e8s frais, avec des gel\u00e9es fr\u00e9quentes et parfois fortes, accompagn\u00e9es de pr\u00e9cipitations souvent neigeuses sous les temp\u00e9ratures basses. Des conditions plus cl\u00e9mentes seraient attendues dans le sud de la France, mais toujours marqu\u00e9es par un contexte tr\u00e8s humide et pluvieux propice \u00e0 de belles chutes de neige, m\u00eame \u00e0 basse altitude.<\/p>\n\n\n\n<p>Il est important de souligner que ces tendances restent exp\u00e9rimentales et peuvent \u00e9voluer au fil des semaines. N&#8217;h\u00e9sitez pas \u00e0 consulter r\u00e9guli\u00e8rement la <a href=\"https:\/\/agri-meteo.fr\/\">m\u00e9t\u00e9o agricole dans votre ville<\/a> pour suivre l&#8217;\u00e9volution de la situation et adapter vos projets hivernaux en cons\u00e9quence.<\/p>\n","protected":false},"excerpt":{"rendered":"<p>L&#8217;hiver 2023-2024 approche \u00e0 grands pas, et les amateurs de froid et de neige s&#8217;int\u00e9ressent comme chaque ann\u00e9e aux tendances m\u00e9t\u00e9orologiques de cette nouvelle saison. Dans cet article, nous allons vous pr\u00e9senter les principales tendances de l&#8217;hiver \u00e0 venir en France, bas\u00e9es sur les donn\u00e9es des mod\u00e8les m\u00e9t\u00e9orologiques et indices r\u00e9colt\u00e9s. Un hiver propice aux [&hellip;]<\/p>\n","protected":false},"author":2,"featured_media":3614,"comment_status":"open","ping_status":"open","sticky":false,"template":"","format":"standard","meta":{"_seopress_robots_primary_cat":"none","_seopress_titles_title":"","_seopress_titles_desc":"","_seopress_robots_index":"","rank_math_lock_modified_date":false,"footnotes":""},"categories":[3],"tags":[63,61,64],"class_list":{"0":"post-3611","1":"post","2":"type-post","3":"status-publish","4":"format-standard","5":"has-post-thumbnail","7":"category-insolite","8":"tag-climat","9":"tag-hiver","10":"tag-prevision"},"_links":{"self":[{"href":"https:\/\/agri-meteo.fr\/blog\/wp-json\/wp\/v2\/posts\/3611","targetHints":{"allow":["GET"]}}],"collection":[{"href":"https:\/\/agri-meteo.fr\/blog\/wp-json\/wp\/v2\/posts"}],"about":[{"href":"https:\/\/agri-meteo.fr\/blog\/wp-json\/wp\/v2\/types\/post"}],"author":[{"embeddable":true,"href":"https:\/\/agri-meteo.fr\/blog\/wp-json\/wp\/v2\/users\/2"}],"replies":[{"embeddable":true,"href":"https:\/\/agri-meteo.fr\/blog\/wp-json\/wp\/v2\/comments?post=3611"}],"version-history":[{"count":1,"href":"https:\/\/agri-meteo.fr\/blog\/wp-json\/wp\/v2\/posts\/3611\/revisions"}],"predecessor-version":[{"id":3615,"href":"https:\/\/agri-meteo.fr\/blog\/wp-json\/wp\/v2\/posts\/3611\/revisions\/3615"}],"wp:featuredmedia":[{"embeddable":true,"href":"https:\/\/agri-meteo.fr\/blog\/wp-json\/wp\/v2\/media\/3614"}],"wp:attachment":[{"href":"https:\/\/agri-meteo.fr\/blog\/wp-json\/wp\/v2\/media?parent=3611"}],"wp:term":[{"taxonomy":"category","embeddable":true,"href":"https:\/\/agri-meteo.fr\/blog\/wp-json\/wp\/v2\/categories?post=3611"},{"taxonomy":"post_tag","embeddable":true,"href":"https:\/\/agri-meteo.fr\/blog\/wp-json\/wp\/v2\/tags?post=3611"}],"curies":[{"name":"wp","href":"https:\/\/api.w.org\/{rel}","templated":true}]}}