{"id":3596,"date":"2023-11-24T07:30:00","date_gmt":"2023-11-24T06:30:00","guid":{"rendered":"https:\/\/agri-meteo.fr\/blog\/?p=3596"},"modified":"2023-11-23T16:24:16","modified_gmt":"2023-11-23T15:24:16","slug":"en-quete-dexotisme-en-montagne-immersion-dans-lunivers-des-especes-endemiques-rarissimes-des-alpes-francaises","status":"publish","type":"post","link":"https:\/\/agri-meteo.fr\/blog\/en-quete-dexotisme-en-montagne-immersion-dans-lunivers-des-especes-endemiques-rarissimes-des-alpes-francaises\/","title":{"rendered":"En qu\u00eate d&#8217;exotisme en montagne : immersion dans l&#8217;univers des esp\u00e8ces end\u00e9miques rarissimes des alpes fran\u00e7aises"},"content":{"rendered":"\n<p>Les Alpes fran\u00e7aises, c\u00e9l\u00e8bres pour ses sommets majestueux et ses paysages \u00e0 couper le souffle, abritent \u00e9galement un tr\u00e9sor cach\u00e9 et souvent m\u00e9connu : une biodiversit\u00e9 exceptionnelle, constitu\u00e9e d&#8217;esp\u00e8ces end\u00e9miques rarissimes. Cette qu\u00eate d&#8217;exotisme en montagne plonge ses visiteurs dans un univers unique, o\u00f9 la nature a fa\u00e7onn\u00e9 des \u00eatres vivants adapt\u00e9s aux conditions extr\u00eames de l&#8217;altitude.<\/p>\n\n\n\n<h2 class=\"wp-block-heading\">D\u00e9couverte des esp\u00e8ces end\u00e9miques des Alpes fran\u00e7aises<\/h2>\n\n\n\n<p>L&#8217;exploration des esp\u00e8ces end\u00e9miques des Alpes fran\u00e7aises est une exp\u00e9rience r\u00e9ellement captivante. Elle r\u00e9v\u00e8le un univers bien plus complexe et diversifi\u00e9 qu&#8217;on ne l&#8217;imagine souvent.<\/p>\n\n\n\n<h3 class=\"wp-block-heading\">Les sentinelles des cimes : les bouquetins des Alpes<\/h3>\n\n\n\n<p>Au c\u0153ur des sommets escarp\u00e9s, les bouquetins des Alpes se dressent fi\u00e8rement, incarnant l&#8217;esprit indomptable de la montagne. Ces majestueux herbivores aux cornes impressionnantes sont parfaitement adapt\u00e9s \u00e0 l&#8217;environnement alpin. Ces repr\u00e9sentants embl\u00e9matiques de la faune end\u00e9mique de la r\u00e9gion \u00e9voluent \u00e0 des altitudes vertigineuses et sur des pentes raides, gr\u00e2ce leur agilit\u00e9. S\u2019ils ont failli dispara\u00eetre au XIXe si\u00e8cle, les programmes de r\u00e9introductions font qu\u2019aujourd\u2019hui, nous avons encore la chance de pouvoir les observer dans leur milieu naturel.<\/p>\n\n\n\n<h3 class=\"wp-block-heading\">La flore alpine : un \u00e9crin de raret\u00e9<\/h3>\n\n\n\n<p>Les Alpes fran\u00e7aises abritent \u00e9galement une diversit\u00e9 florale exceptionnelle. L\u00e0 aussi, des esp\u00e8ces end\u00e9miques r\u00e9sistent aux conditions climatiques extr\u00eames. Parmi elles, l&#8217;edelweiss, fleur embl\u00e9matique des montagnes, d\u00e9ploie ses p\u00e9tales duveteux dans des poches d&#8217;altitude, d\u00e9fiant les rigueurs de l&#8217;hiver. Cette plante d\u00e9licate, symbole de puret\u00e9, est le t\u00e9moin d&#8217;une adaptation \u00e9volutive remarquable aux conditions alpines.<\/p>\n\n\n\n<p>La vuln\u00e9raire des Chartreux, de la famille des millepertuis, est une autre esp\u00e8ce embl\u00e9matique des Alpes fran\u00e7aises. Gr\u00e2ce \u00e0 ses longues racines qui s\u2019insinuent dans la roche, elle peut pousser jusqu\u2019\u00e0 2 500 m\u00e8tres d\u2019altitude.<\/p>\n\n\n\n<h3 class=\"wp-block-heading\">Les habitants insoup\u00e7onn\u00e9s des lacs d&#8217;altitude<\/h3>\n\n\n\n<p>Les lacs d&#8217;altitude des Alpes fran\u00e7aises abritent un \u00e9cosyst\u00e8me unique, peupl\u00e9 d&#8217;esp\u00e8ces aquatiques adapt\u00e9es \u00e0 des conditions environnementales particuli\u00e8res. La truite fario des Alpes, avec sa robe mouchet\u00e9e, en est le parfait exemple. Cette esp\u00e8ce end\u00e9mique de ces eaux cristallines poss\u00e8de la capacit\u00e9 \u00e0 nager dans les courants tumultueux.<\/p>\n\n\n\n<h2 class=\"wp-block-heading\">Pr\u00e9server l&#8217;exotisme alpin : un d\u00e9fi pour l&#8217;avenir<\/h2>\n\n\n\n<p>Si ces esp\u00e8ces end\u00e9miques des Alpes fran\u00e7aises suscitent l&#8217;\u00e9merveillement, elles doivent \u00e9galement faire face aux changements climatiques (comme les \u00e9pisodes de s\u00e9cheresse et la fonte des glaciers), mais aussi \u00e0 l\u2019activit\u00e9 humaine. \u00c0 l\u2019heure actuelle, il est urgent de mettre en place une action concert\u00e9e pour pr\u00e9server les habitats naturels.<\/p>\n\n\n\n<p>Bien entendu, la pr\u00e9servation de la biodiversit\u00e9 alpine ne peut reposer uniquement sur les \u00e9paules des scientifiques et des autorit\u00e9s locales. Il est imp\u00e9ratif de r\u00e9guler le tourisme et de sensibiliser \u00e0 l&#8217;importance de pr\u00e9server cette biodiversit\u00e9 unique pour assurer leur survie.<\/p>\n\n\n\n<p>La conservation de ces esp\u00e8ces uniques et des \u00e9cosyst\u00e8mes fragiles qui les abritent passe forc\u00e9ment par des initiatives de sensibilisation et d&#8217;\u00e9ducation environnementale. Promouvoir une cohabitation harmonieuse entre l&#8217;homme et la nature est la cl\u00e9 pour garantir la p\u00e9rennit\u00e9 de ces tr\u00e9sors naturels. La d\u00e9couverte de cet univers devrait ainsi amener vers une prise de conscience collective et un engagement en faveur de la pr\u00e9servation de ces tr\u00e9sors naturels uniques. Ainsi, les g\u00e9n\u00e9rations futures pourront continuer \u00e0 s\u2019\u00e9merveiller devant la splendeur des Alpes fran\u00e7aises.<\/p>\n\n\n\n<h2 class=\"wp-block-heading\">L\u2019impact du tourisme sur ces \u00e9cosyst\u00e8mes<\/h2>\n\n\n\n<p>Malheureusement, ces \u00e9cosyst\u00e8mes sont mis en danger par le tourisme et cela s\u2019est m\u00eame accentu\u00e9 apr\u00e8s les confinements en lien avec le Covid-19. Rien qu\u2019au niveau des lacs, le pi\u00e9tinement des berges et la pollution des eaux (\u00e0 cause notamment de la cr\u00e8me solaire lors des baignades) sont susceptibles de troubler les milieux aquatiques d\u2019altitude. Pour les pr\u00e9server, il n\u2019est pas rare que les autorit\u00e9s prennent des mesures radicales. Ainsi, au lac Blanc de Chamonix, la baignade est d\u00e9sormais interdite. Le camping dans les Alpes est \u00e9galement tr\u00e8s r\u00e9glement\u00e9, avec une limitation de zone.<\/p>\n","protected":false},"excerpt":{"rendered":"<p>Les Alpes fran\u00e7aises, c\u00e9l\u00e8bres pour ses sommets majestueux et ses paysages \u00e0 couper le souffle, abritent \u00e9galement un tr\u00e9sor cach\u00e9 et souvent m\u00e9connu : une biodiversit\u00e9 exceptionnelle, constitu\u00e9e d&#8217;esp\u00e8ces end\u00e9miques rarissimes. Cette qu\u00eate d&#8217;exotisme en montagne plonge ses visiteurs dans un univers unique, o\u00f9 la nature a fa\u00e7onn\u00e9 des \u00eatres vivants adapt\u00e9s aux conditions extr\u00eames [&hellip;]<\/p>\n","protected":false},"author":3,"featured_media":3599,"comment_status":"open","ping_status":"open","sticky":false,"template":"","format":"standard","meta":{"_seopress_robots_primary_cat":"none","_seopress_titles_title":"","_seopress_titles_desc":"","_seopress_robots_index":"","rank_math_lock_modified_date":false,"footnotes":""},"categories":[4],"tags":[61,62],"class_list":{"0":"post-3596","1":"post","2":"type-post","3":"status-publish","4":"format-standard","5":"has-post-thumbnail","7":"category-voyages","8":"tag-hiver","9":"tag-montagne"},"_links":{"self":[{"href":"https:\/\/agri-meteo.fr\/blog\/wp-json\/wp\/v2\/posts\/3596","targetHints":{"allow":["GET"]}}],"collection":[{"href":"https:\/\/agri-meteo.fr\/blog\/wp-json\/wp\/v2\/posts"}],"about":[{"href":"https:\/\/agri-meteo.fr\/blog\/wp-json\/wp\/v2\/types\/post"}],"author":[{"embeddable":true,"href":"https:\/\/agri-meteo.fr\/blog\/wp-json\/wp\/v2\/users\/3"}],"replies":[{"embeddable":true,"href":"https:\/\/agri-meteo.fr\/blog\/wp-json\/wp\/v2\/comments?post=3596"}],"version-history":[{"count":1,"href":"https:\/\/agri-meteo.fr\/blog\/wp-json\/wp\/v2\/posts\/3596\/revisions"}],"predecessor-version":[{"id":3600,"href":"https:\/\/agri-meteo.fr\/blog\/wp-json\/wp\/v2\/posts\/3596\/revisions\/3600"}],"wp:featuredmedia":[{"embeddable":true,"href":"https:\/\/agri-meteo.fr\/blog\/wp-json\/wp\/v2\/media\/3599"}],"wp:attachment":[{"href":"https:\/\/agri-meteo.fr\/blog\/wp-json\/wp\/v2\/media?parent=3596"}],"wp:term":[{"taxonomy":"category","embeddable":true,"href":"https:\/\/agri-meteo.fr\/blog\/wp-json\/wp\/v2\/categories?post=3596"},{"taxonomy":"post_tag","embeddable":true,"href":"https:\/\/agri-meteo.fr\/blog\/wp-json\/wp\/v2\/tags?post=3596"}],"curies":[{"name":"wp","href":"https:\/\/api.w.org\/{rel}","templated":true}]}}